{"id":923,"date":"2016-03-08T20:53:35","date_gmt":"2016-03-08T20:53:35","guid":{"rendered":"https:\/\/www.dsconsultant.net\/blog\/?p=923"},"modified":"2016-03-09T14:56:44","modified_gmt":"2016-03-09T14:56:44","slug":"le-maroc-passe-a-lheure-dete-le-27-mars-prochain","status":"publish","type":"post","link":"https:\/\/dsconsultant.net\/blog\/non-classe\/le-maroc-passe-a-lheure-dete-le-27-mars-prochain","title":{"rendered":"Le Maroc passe \u00e0 l\u2019heure d\u2019\u00e9t\u00e9 le 27 mars prochain&#8230;"},"content":{"rendered":"<blockquote><p>bladi.net \u2013 06\/03\/2016 Ne l\u2019oubliez pas, dans trois semaines, le Maroc ainsi que de nombreux pays passeront \u00e0 l\u2019heure d\u2019\u00e9t\u00e9. Cela se fera dans la nuit du 26 au 27 mars prochain \u00e0 2h du matin.\u2026<\/p><\/blockquote>\n<p>Source\u00a0: <em><a href=\"https:\/\/agadirmichelterrier.wordpress.com\/2016\/03\/08\/le-maroc-passe-a-lheure-dete-le-27-mars-prochain\/\">Le Maroc passe \u00e0 l\u2019heure d\u2019\u00e9t\u00e9 le 27 mars prochain | Le Blog dAgadir par Michel Terrier : Actualit\u00e9s, revue de presse, \u00e9v\u00e9nements, tourisme\u2026<\/a><\/em><\/p>\n","protected":false},"excerpt":{"rendered":"<p>bladi.net \u2013 06\/03\/2016 Ne l\u2019oubliez pas, dans trois semaines, le Maroc ainsi que de nombreux pays passeront \u00e0 l\u2019heure d\u2019\u00e9t\u00e9. Cela se fera dans la nuit du 26 au 27 mars prochain \u00e0 2h du matin.\u2026 Source\u00a0: Le Maroc passe \u00e0 l\u2019heure d\u2019\u00e9t\u00e9 le 27 mars prochain | Le Blog dAgadir par Michel Terrier : [&hellip;]<\/p>\n","protected":false},"author":1,"featured_media":0,"comment_status":"closed","ping_status":"closed","sticky":false,"template":"","format":"standard","meta":{"spay_email":""},"categories":[6,1],"tags":[],"yoast_head":"<!-- This site is optimized with the Yoast SEO plugin v19.0 - https:\/\/yoast.com\/wordpress\/plugins\/seo\/ -->\n<title>Le Maroc passe \u00e0 l\u2019heure d\u2019\u00e9t\u00e9 le 27 mars prochain... - Mes Notes, Astuces &amp; Conseils informatiques<\/title>\n<meta name=\"robots\" content=\"index, follow, max-snippet:-1, max-image-preview:large, max-video-preview:-1\" \/>\n<link rel=\"canonical\" href=\"https:\/\/dsconsultant.net\/blog\/non-classe\/le-maroc-passe-a-lheure-dete-le-27-mars-prochain\" \/>\n<meta property=\"og:locale\" content=\"fr_FR\" \/>\n<meta property=\"og:type\" content=\"article\" \/>\n<meta property=\"og:title\" content=\"Le Maroc passe \u00e0 l\u2019heure d\u2019\u00e9t\u00e9 le 27 mars prochain... - Mes Notes, Astuces &amp; Conseils informatiques\" \/>\n<meta property=\"og:description\" content=\"bladi.net \u2013 06\/03\/2016 Ne l\u2019oubliez pas, dans trois semaines, le Maroc ainsi que de nombreux pays passeront \u00e0 l\u2019heure d\u2019\u00e9t\u00e9. Cela se fera dans la nuit du 26 au 27 mars prochain \u00e0 2h du matin.\u2026 Source\u00a0: Le Maroc passe \u00e0 l\u2019heure d\u2019\u00e9t\u00e9 le 27 mars prochain | Le Blog dAgadir par Michel Terrier : [&hellip;]\" \/>\n<meta property=\"og:url\" content=\"https:\/\/dsconsultant.net\/blog\/non-classe\/le-maroc-passe-a-lheure-dete-le-27-mars-prochain\" \/>\n<meta property=\"og:site_name\" content=\"Mes Notes, Astuces &amp; Conseils informatiques\" \/>\n<meta property=\"article:publisher\" content=\"https:\/\/www.facebook.com\/dsconsultant.net\/\" \/>\n<meta property=\"article:published_time\" content=\"2016-03-08T20:53:35+00:00\" \/>\n<meta property=\"article:modified_time\" content=\"2016-03-09T14:56:44+00:00\" \/>\n<meta name=\"twitter:card\" content=\"summary_large_image\" \/>\n<meta name=\"twitter:label1\" content=\"\u00c9crit par\" \/>\n\t<meta name=\"twitter:data1\" content=\"Dominique Schos\" \/>\n<script type=\"application\/ld+json\" class=\"yoast-schema-graph\">{\"@context\":\"https:\/\/schema.org\",\"@graph\":[{\"@type\":\"WebSite\",\"@id\":\"https:\/\/dsconsultant.net\/blog\/#website\",\"url\":\"https:\/\/dsconsultant.net\/blog\/\",\"name\":\"Mes Notes, Astuces &amp; Conseils informatiques\",\"description\":\"Dominique Schos Consultant Conseil informatique Maroc\",\"potentialAction\":[{\"@type\":\"SearchAction\",\"target\":{\"@type\":\"EntryPoint\",\"urlTemplate\":\"https:\/\/dsconsultant.net\/blog\/?s={search_term_string}\"},\"query-input\":\"required name=search_term_string\"}],\"inLanguage\":\"fr-FR\"},{\"@type\":\"WebPage\",\"@id\":\"https:\/\/dsconsultant.net\/blog\/non-classe\/le-maroc-passe-a-lheure-dete-le-27-mars-prochain#webpage\",\"url\":\"https:\/\/dsconsultant.net\/blog\/non-classe\/le-maroc-passe-a-lheure-dete-le-27-mars-prochain\",\"name\":\"Le Maroc passe \u00e0 l\u2019heure d\u2019\u00e9t\u00e9 le 27 mars prochain... - Mes Notes, Astuces &amp; Conseils informatiques\",\"isPartOf\":{\"@id\":\"https:\/\/dsconsultant.net\/blog\/#website\"},\"datePublished\":\"2016-03-08T20:53:35+00:00\",\"dateModified\":\"2016-03-09T14:56:44+00:00\",\"author\":{\"@id\":\"https:\/\/dsconsultant.net\/blog\/#\/schema\/person\/09f4f57c32b2145fdea40e17b1ea7e92\"},\"breadcrumb\":{\"@id\":\"https:\/\/dsconsultant.net\/blog\/non-classe\/le-maroc-passe-a-lheure-dete-le-27-mars-prochain#breadcrumb\"},\"inLanguage\":\"fr-FR\",\"potentialAction\":[{\"@type\":\"ReadAction\",\"target\":[\"https:\/\/dsconsultant.net\/blog\/non-classe\/le-maroc-passe-a-lheure-dete-le-27-mars-prochain\"]}]},{\"@type\":\"BreadcrumbList\",\"@id\":\"https:\/\/dsconsultant.net\/blog\/non-classe\/le-maroc-passe-a-lheure-dete-le-27-mars-prochain#breadcrumb\",\"itemListElement\":[{\"@type\":\"ListItem\",\"position\":1,\"name\":\"Accueil\",\"item\":\"https:\/\/dsconsultant.net\/blog\"},{\"@type\":\"ListItem\",\"position\":2,\"name\":\"Le Maroc passe \u00e0 l\u2019heure d\u2019\u00e9t\u00e9 le 27 mars prochain&#8230;\"}]},{\"@type\":\"Person\",\"@id\":\"https:\/\/dsconsultant.net\/blog\/#\/schema\/person\/09f4f57c32b2145fdea40e17b1ea7e92\",\"name\":\"Dominique Schos\",\"image\":{\"@type\":\"ImageObject\",\"inLanguage\":\"fr-FR\",\"@id\":\"https:\/\/dsconsultant.net\/blog\/#\/schema\/person\/image\/\",\"url\":\"https:\/\/secure.gravatar.com\/avatar\/5df6b5e6cea471da661f13bc21e3e889?s=96&d=mm&r=g\",\"contentUrl\":\"https:\/\/secure.gravatar.com\/avatar\/5df6b5e6cea471da661f13bc21e3e889?s=96&d=mm&r=g\",\"caption\":\"Dominique Schos\"},\"description\":\"De MacOS 1.0 en 1984 \u00e0 OSX12 Monteray en passant par le mythique OSX, de MS-DOS 1 \u00e0 Windows11, de IOS Apple \u00e0 Android, des premiers \\\"Tchat\\\" sur ICQ \u00e0 Facebook Live, je ne me lasse pas de \\\"flirter\\\" avec ces technologies et moyens de communications que j'aime mettre \u00e0 votre service...\",\"sameAs\":[\"https:\/\/www.dsconsultant.net\"]}]}<\/script>\n<!-- \/ Yoast SEO plugin. -->","yoast_head_json":{"title":"Le Maroc passe \u00e0 l\u2019heure d\u2019\u00e9t\u00e9 le 27 mars prochain... - Mes Notes, Astuces &amp; Conseils informatiques","robots":{"index":"index","follow":"follow","max-snippet":"max-snippet:-1","max-image-preview":"max-image-preview:large","max-video-preview":"max-video-preview:-1"},"canonical":"https:\/\/dsconsultant.net\/blog\/non-classe\/le-maroc-passe-a-lheure-dete-le-27-mars-prochain","og_locale":"fr_FR","og_type":"article","og_title":"Le Maroc passe \u00e0 l\u2019heure d\u2019\u00e9t\u00e9 le 27 mars prochain... - Mes Notes, Astuces &amp; Conseils informatiques","og_description":"bladi.net \u2013 06\/03\/2016 Ne l\u2019oubliez pas, dans trois semaines, le Maroc ainsi que de nombreux pays passeront \u00e0 l\u2019heure d\u2019\u00e9t\u00e9. Cela se fera dans la nuit du 26 au 27 mars prochain \u00e0 2h du matin.\u2026 Source\u00a0: Le Maroc passe \u00e0 l\u2019heure d\u2019\u00e9t\u00e9 le 27 mars prochain | Le Blog dAgadir par Michel Terrier : [&hellip;]","og_url":"https:\/\/dsconsultant.net\/blog\/non-classe\/le-maroc-passe-a-lheure-dete-le-27-mars-prochain","og_site_name":"Mes Notes, Astuces &amp; Conseils informatiques","article_publisher":"https:\/\/www.facebook.com\/dsconsultant.net\/","article_published_time":"2016-03-08T20:53:35+00:00","article_modified_time":"2016-03-09T14:56:44+00:00","twitter_card":"summary_large_image","twitter_misc":{"\u00c9crit par":"Dominique Schos"},"schema":{"@context":"https:\/\/schema.org","@graph":[{"@type":"WebSite","@id":"https:\/\/dsconsultant.net\/blog\/#website","url":"https:\/\/dsconsultant.net\/blog\/","name":"Mes Notes, Astuces &amp; Conseils informatiques","description":"Dominique Schos Consultant Conseil informatique Maroc","potentialAction":[{"@type":"SearchAction","target":{"@type":"EntryPoint","urlTemplate":"https:\/\/dsconsultant.net\/blog\/?s={search_term_string}"},"query-input":"required name=search_term_string"}],"inLanguage":"fr-FR"},{"@type":"WebPage","@id":"https:\/\/dsconsultant.net\/blog\/non-classe\/le-maroc-passe-a-lheure-dete-le-27-mars-prochain#webpage","url":"https:\/\/dsconsultant.net\/blog\/non-classe\/le-maroc-passe-a-lheure-dete-le-27-mars-prochain","name":"Le Maroc passe \u00e0 l\u2019heure d\u2019\u00e9t\u00e9 le 27 mars prochain... - Mes Notes, Astuces &amp; Conseils informatiques","isPartOf":{"@id":"https:\/\/dsconsultant.net\/blog\/#website"},"datePublished":"2016-03-08T20:53:35+00:00","dateModified":"2016-03-09T14:56:44+00:00","author":{"@id":"https:\/\/dsconsultant.net\/blog\/#\/schema\/person\/09f4f57c32b2145fdea40e17b1ea7e92"},"breadcrumb":{"@id":"https:\/\/dsconsultant.net\/blog\/non-classe\/le-maroc-passe-a-lheure-dete-le-27-mars-prochain#breadcrumb"},"inLanguage":"fr-FR","potentialAction":[{"@type":"ReadAction","target":["https:\/\/dsconsultant.net\/blog\/non-classe\/le-maroc-passe-a-lheure-dete-le-27-mars-prochain"]}]},{"@type":"BreadcrumbList","@id":"https:\/\/dsconsultant.net\/blog\/non-classe\/le-maroc-passe-a-lheure-dete-le-27-mars-prochain#breadcrumb","itemListElement":[{"@type":"ListItem","position":1,"name":"Accueil","item":"https:\/\/dsconsultant.net\/blog"},{"@type":"ListItem","position":2,"name":"Le Maroc passe \u00e0 l\u2019heure d\u2019\u00e9t\u00e9 le 27 mars prochain&#8230;"}]},{"@type":"Person","@id":"https:\/\/dsconsultant.net\/blog\/#\/schema\/person\/09f4f57c32b2145fdea40e17b1ea7e92","name":"Dominique Schos","image":{"@type":"ImageObject","inLanguage":"fr-FR","@id":"https:\/\/dsconsultant.net\/blog\/#\/schema\/person\/image\/","url":"https:\/\/secure.gravatar.com\/avatar\/5df6b5e6cea471da661f13bc21e3e889?s=96&d=mm&r=g","contentUrl":"https:\/\/secure.gravatar.com\/avatar\/5df6b5e6cea471da661f13bc21e3e889?s=96&d=mm&r=g","caption":"Dominique Schos"},"description":"De MacOS 1.0 en 1984 \u00e0 OSX12 Monteray en passant par le mythique OSX, de MS-DOS 1 \u00e0 Windows11, de IOS Apple \u00e0 Android, des premiers \"Tchat\" sur ICQ \u00e0 Facebook Live, je ne me lasse pas de \"flirter\" avec ces technologies et moyens de communications que j'aime mettre \u00e0 votre service...","sameAs":["https:\/\/www.dsconsultant.net"]}]}},"jetpack_featured_media_url":"","_links":{"self":[{"href":"https:\/\/dsconsultant.net\/blog\/wp-json\/wp\/v2\/posts\/923"}],"collection":[{"href":"https:\/\/dsconsultant.net\/blog\/wp-json\/wp\/v2\/posts"}],"about":[{"href":"https:\/\/dsconsultant.net\/blog\/wp-json\/wp\/v2\/types\/post"}],"author":[{"embeddable":true,"href":"https:\/\/dsconsultant.net\/blog\/wp-json\/wp\/v2\/users\/1"}],"replies":[{"embeddable":true,"href":"https:\/\/dsconsultant.net\/blog\/wp-json\/wp\/v2\/comments?post=923"}],"version-history":[{"count":0,"href":"https:\/\/dsconsultant.net\/blog\/wp-json\/wp\/v2\/posts\/923\/revisions"}],"wp:attachment":[{"href":"https:\/\/dsconsultant.net\/blog\/wp-json\/wp\/v2\/media?parent=923"}],"wp:term":[{"taxonomy":"category","embeddable":true,"href":"https:\/\/dsconsultant.net\/blog\/wp-json\/wp\/v2\/categories?post=923"},{"taxonomy":"post_tag","embeddable":true,"href":"https:\/\/dsconsultant.net\/blog\/wp-json\/wp\/v2\/tags?post=923"}],"curies":[{"name":"wp","href":"https:\/\/api.w.org\/{rel}","templated":true}]}}